{"id":3484,"date":"2020-03-24T09:22:27","date_gmt":"2020-03-24T08:22:27","guid":{"rendered":"https:\/\/www.areaceramiche.it\/chic-et-tendance-nos-nouvelles-propositions\/"},"modified":"2020-07-28T08:24:06","modified_gmt":"2020-07-28T06:24:06","slug":"chic-et-tendance-nos-nouvelles-propositions","status":"publish","type":"post","link":"https:\/\/www.areaceramiche.it\/fr\/chic-et-tendance-nos-nouvelles-propositions\/","title":{"rendered":"Chic et tendance : nos nouvelles propositions"},"content":{"rendered":"<p class=\"p1\">D\u00e9couvrez nos nouvelles collections \u00ab chics \u00bb et \u00ab tendances \u00bb.<\/p>\n<p class=\"p1\">Les deux derni\u00e8res collections propos\u00e9es sont \u00ab chics \u00bb et \u00ab tendances \u00bb, chacune ayant son identit\u00e9 propre, et sont construites pour durer dans le temps.Les tons d\u00e9licats r\u00e9v\u00e8lent leur forte personnalit\u00e9 pour dynamiser votre int\u00e9rieur. Les nuances d\u00e9licates et les motifs assortis interpr\u00e8tent l&rsquo;espace dans une \u00e9l\u00e9gante rigueur contemporaine.<\/p>\n\n<figure class=\"wp-block-gallery columns-4 wp-block-gallery-1 is-layout-flex wp-block-gallery-is-layout-flex\"><ul class=\"blocks-gallery-grid\"><li class=\"blocks-gallery-item\"><figure><img decoding=\"async\" width=\"1024\" height=\"546\" src=\"https:\/\/www.areaceramiche.it\/wp-content\/uploads\/2020\/03\/trend-amb-grigio-1024x546.jpg\" alt=\"\" data-id=\"825\" data-full-url=\"https:\/\/www.areaceramiche.it\/wp-content\/uploads\/2020\/03\/trend-amb-grigio.jpg\" data-link=\"https:\/\/www.areaceramiche.it\/collezione\/trend\/trend-amb-grigio\/\" class=\"wp-image-825\" srcset=\"https:\/\/www.areaceramiche.it\/wp-content\/uploads\/2020\/03\/trend-amb-grigio-1024x546.jpg 1024w, https:\/\/www.areaceramiche.it\/wp-content\/uploads\/2020\/03\/trend-amb-grigio-300x160.jpg 300w, https:\/\/www.areaceramiche.it\/wp-content\/uploads\/2020\/03\/trend-amb-grigio-768x410.jpg 768w, https:\/\/www.areaceramiche.it\/wp-content\/uploads\/2020\/03\/trend-amb-grigio-1536x819.jpg 1536w, https:\/\/www.areaceramiche.it\/wp-content\/uploads\/2020\/03\/trend-amb-grigio-1264x674.jpg 1264w, https:\/\/www.areaceramiche.it\/wp-content\/uploads\/2020\/03\/trend-amb-grigio.jpg 1920w\" sizes=\"(max-width: 1024px) 100vw, 1024px\" \/><figcaption class=\"blocks-gallery-item__caption\"><strong>Trend<\/strong> &#8211; d\u00e9cor de salle de bain<\/figcaption><\/figure><\/li><li class=\"blocks-gallery-item\"><figure><img decoding=\"async\" width=\"1024\" height=\"546\" src=\"https:\/\/www.areaceramiche.it\/wp-content\/uploads\/2020\/03\/trend-amb-beige--1024x546.jpg\" alt=\"\" data-id=\"822\" data-full-url=\"https:\/\/www.areaceramiche.it\/wp-content\/uploads\/2020\/03\/trend-amb-beige-.jpg\" data-link=\"https:\/\/www.areaceramiche.it\/collezione\/trend\/trend-amb-beige\/\" class=\"wp-image-822\" srcset=\"https:\/\/www.areaceramiche.it\/wp-content\/uploads\/2020\/03\/trend-amb-beige--1024x546.jpg 1024w, https:\/\/www.areaceramiche.it\/wp-content\/uploads\/2020\/03\/trend-amb-beige--300x160.jpg 300w, https:\/\/www.areaceramiche.it\/wp-content\/uploads\/2020\/03\/trend-amb-beige--768x410.jpg 768w, https:\/\/www.areaceramiche.it\/wp-content\/uploads\/2020\/03\/trend-amb-beige--1536x819.jpg 1536w, https:\/\/www.areaceramiche.it\/wp-content\/uploads\/2020\/03\/trend-amb-beige--1264x674.jpg 1264w, https:\/\/www.areaceramiche.it\/wp-content\/uploads\/2020\/03\/trend-amb-beige-.jpg 1920w\" sizes=\"(max-width: 1024px) 100vw, 1024px\" \/><figcaption class=\"blocks-gallery-item__caption\"><strong>Trend<\/strong> &#8211; d\u00e9cor de salle de bain<\/figcaption><\/figure><\/li><li class=\"blocks-gallery-item\"><figure><img decoding=\"async\" width=\"1024\" height=\"546\" src=\"https:\/\/www.areaceramiche.it\/wp-content\/uploads\/2020\/03\/chic-bagno-millenium-grigio-60x60-bianco-grigio-dec-triangoli-25x75-1-1024x546.jpg\" alt=\"\" data-id=\"791\" data-full-url=\"https:\/\/www.areaceramiche.it\/wp-content\/uploads\/2020\/03\/chic-bagno-millenium-grigio-60x60-bianco-grigio-dec-triangoli-25x75-1.jpg\" data-link=\"https:\/\/www.areaceramiche.it\/collezione\/chic\/chic-bagno-millenium-grigio-60x60-bianco-grigio-dec-triangoli-25x75\/\" class=\"wp-image-791\" srcset=\"https:\/\/www.areaceramiche.it\/wp-content\/uploads\/2020\/03\/chic-bagno-millenium-grigio-60x60-bianco-grigio-dec-triangoli-25x75-1-1024x546.jpg 1024w, https:\/\/www.areaceramiche.it\/wp-content\/uploads\/2020\/03\/chic-bagno-millenium-grigio-60x60-bianco-grigio-dec-triangoli-25x75-1-300x160.jpg 300w, https:\/\/www.areaceramiche.it\/wp-content\/uploads\/2020\/03\/chic-bagno-millenium-grigio-60x60-bianco-grigio-dec-triangoli-25x75-1-768x410.jpg 768w, https:\/\/www.areaceramiche.it\/wp-content\/uploads\/2020\/03\/chic-bagno-millenium-grigio-60x60-bianco-grigio-dec-triangoli-25x75-1-1536x819.jpg 1536w, https:\/\/www.areaceramiche.it\/wp-content\/uploads\/2020\/03\/chic-bagno-millenium-grigio-60x60-bianco-grigio-dec-triangoli-25x75-1-1264x674.jpg 1264w, https:\/\/www.areaceramiche.it\/wp-content\/uploads\/2020\/03\/chic-bagno-millenium-grigio-60x60-bianco-grigio-dec-triangoli-25x75-1.jpg 1920w\" sizes=\"(max-width: 1024px) 100vw, 1024px\" \/><figcaption class=\"blocks-gallery-item__caption\"><strong>Chic<\/strong> &#8211; d\u00e9cor de salle de bain<\/figcaption><\/figure><\/li><li class=\"blocks-gallery-item\"><figure><img decoding=\"async\" width=\"1024\" height=\"546\" src=\"https:\/\/www.areaceramiche.it\/wp-content\/uploads\/2020\/03\/chic-bagno-millenium-beige-60x60-bianco-beige-dec-fiori-25x75-1-1024x546.jpg\" alt=\"\" data-id=\"788\" data-full-url=\"https:\/\/www.areaceramiche.it\/wp-content\/uploads\/2020\/03\/chic-bagno-millenium-beige-60x60-bianco-beige-dec-fiori-25x75-1.jpg\" data-link=\"https:\/\/www.areaceramiche.it\/collezione\/chic\/chic-bagno-millenium-beige-60x60-bianco-beige-dec-fiori-25x75\/\" class=\"wp-image-788\" srcset=\"https:\/\/www.areaceramiche.it\/wp-content\/uploads\/2020\/03\/chic-bagno-millenium-beige-60x60-bianco-beige-dec-fiori-25x75-1-1024x546.jpg 1024w, https:\/\/www.areaceramiche.it\/wp-content\/uploads\/2020\/03\/chic-bagno-millenium-beige-60x60-bianco-beige-dec-fiori-25x75-1-300x160.jpg 300w, https:\/\/www.areaceramiche.it\/wp-content\/uploads\/2020\/03\/chic-bagno-millenium-beige-60x60-bianco-beige-dec-fiori-25x75-1-768x410.jpg 768w, https:\/\/www.areaceramiche.it\/wp-content\/uploads\/2020\/03\/chic-bagno-millenium-beige-60x60-bianco-beige-dec-fiori-25x75-1-1536x819.jpg 1536w, https:\/\/www.areaceramiche.it\/wp-content\/uploads\/2020\/03\/chic-bagno-millenium-beige-60x60-bianco-beige-dec-fiori-25x75-1-1264x674.jpg 1264w, https:\/\/www.areaceramiche.it\/wp-content\/uploads\/2020\/03\/chic-bagno-millenium-beige-60x60-bianco-beige-dec-fiori-25x75-1.jpg 1920w\" sizes=\"(max-width: 1024px) 100vw, 1024px\" \/><figcaption class=\"blocks-gallery-item__caption\"><strong>Chic<\/strong> &#8211; d\u00e9cor de salle de bain<\/figcaption><\/figure><\/li><\/ul><\/figure>\n","protected":false},"excerpt":{"rendered":"<p>D\u00e9couvrez nos nouvelles collections \u00ab chics \u00bb et \u00ab tendances \u00bb. Les deux derni\u00e8res collections propos\u00e9es sont \u00ab chics \u00bb&#8230;<\/p>\n","protected":false},"author":1,"featured_media":796,"comment_status":"closed","ping_status":"closed","sticky":false,"template":"","format":"standard","meta":{"_acf_changed":false,"footnotes":""},"categories":[2],"tags":[],"class_list":["post-3484","post","type-post","status-publish","format-standard","has-post-thumbnail","hentry","category-non-classifiee"],"acf":[],"_links":{"self":[{"href":"https:\/\/www.areaceramiche.it\/fr\/wp-json\/wp\/v2\/posts\/3484","targetHints":{"allow":["GET"]}}],"collection":[{"href":"https:\/\/www.areaceramiche.it\/fr\/wp-json\/wp\/v2\/posts"}],"about":[{"href":"https:\/\/www.areaceramiche.it\/fr\/wp-json\/wp\/v2\/types\/post"}],"author":[{"embeddable":true,"href":"https:\/\/www.areaceramiche.it\/fr\/wp-json\/wp\/v2\/users\/1"}],"replies":[{"embeddable":true,"href":"https:\/\/www.areaceramiche.it\/fr\/wp-json\/wp\/v2\/comments?post=3484"}],"version-history":[{"count":1,"href":"https:\/\/www.areaceramiche.it\/fr\/wp-json\/wp\/v2\/posts\/3484\/revisions"}],"predecessor-version":[{"id":3485,"href":"https:\/\/www.areaceramiche.it\/fr\/wp-json\/wp\/v2\/posts\/3484\/revisions\/3485"}],"wp:featuredmedia":[{"embeddable":true,"href":"https:\/\/www.areaceramiche.it\/fr\/wp-json\/wp\/v2\/media\/796"}],"wp:attachment":[{"href":"https:\/\/www.areaceramiche.it\/fr\/wp-json\/wp\/v2\/media?parent=3484"}],"wp:term":[{"taxonomy":"category","embeddable":true,"href":"https:\/\/www.areaceramiche.it\/fr\/wp-json\/wp\/v2\/categories?post=3484"},{"taxonomy":"post_tag","embeddable":true,"href":"https:\/\/www.areaceramiche.it\/fr\/wp-json\/wp\/v2\/tags?post=3484"}],"curies":[{"name":"wp","href":"https:\/\/api.w.org\/{rel}","templated":true}]}}